{"id":12978,"date":"2026-08-31T11:00:00","date_gmt":"2026-08-31T15:00:00","guid":{"rendered":"https:\/\/cog.ca\/?p=12978"},"modified":"2026-08-24T14:48:53","modified_gmt":"2026-08-24T18:48:53","slug":"liste-des-evenements-de-septembre-2026","status":"publish","type":"post","link":"https:\/\/cog.ca\/fr\/blog\/liste-des-evenements-de-septembre-2026\/","title":{"rendered":"Liste des \u00e9v\u00e9nements de septembre 2026"},"content":{"rendered":"\n<p class=\"wp-block-paragraph\">De nombreux \u00e9v\u00e9nements int\u00e9ressants consacr\u00e9s \u00e0 l&rsquo;agriculture biologique, r\u00e9g\u00e9n\u00e9rative et \u00e9cologique auront lieu en septembre, et nous sommes ravis de vous les pr\u00e9senter ici! Vous souhaitez partager un \u00e9v\u00e9nement? <a href=\"https:\/\/cog.ca\/fr\/events\/submit-an-event\/\">Soumettre un \u00e9v\u00e9nement<\/a>!<br>s&rsquo;inscrire<\/p>\n\n\n\n<p class=\"wp-block-paragraph\">\ud83d\udcc5 1 &#8211; 30 septembre &#8211; Organic Month avec <a href=\"https:\/\/choosecanadaorganic.ca\/organic-month\/\">COTA<\/a> &#8211; <a href=\"https:\/\/choosecanadaorganic.ca\/organic-month\/\">s&rsquo;inscrire<\/a> <\/p>\n\n\n\n<p class=\"wp-block-paragraph\">\ud83d\udcc5 1 septembre &#8211; CSAs &amp; Diversified Revenue at Mulberry Moon Farm avec <a href=\"https:\/\/efao.ca\/\">EFAO<\/a> &#8211; en ligne &#8211; <a href=\"https:\/\/efao.ca\/event\/mulberry-moon-farm-2026\/\">s&rsquo;inscrire<\/a><\/p>\n\n\n\n<p class=\"wp-block-paragraph\">\ud83d\udcc5 2 septembre &#8211; Les bases du p\u00e2turage en production laiti\u00e8re : visite de ferme et ateliers avec <a href=\"https:\/\/regenerationcanada.org\/\">R\u00e9g\u00e9n\u00e9ration Canada<\/a> &#8211; Waterville, QC &#8211; <a href=\"https:\/\/regenerationcanada.org\/en\/les-bases-du-paturage-en-production-laitiere-visite-de-ferme-et-ateliers\/\">s&rsquo;inscrire<\/a><\/p>\n\n\n\n<p class=\"wp-block-paragraph\">\ud83d\udcc5 3 septembre &#8211; Innovations in Pasture Management: Research and International Perspectives avec <a href=\"https:\/\/regenerationcanada.org\/\">R\u00e9g\u00e9n\u00e9ration Canada<\/a> &#8211; Online or Sherbrooke, QC &#8211; <a href=\"https:\/\/regenerationcanada.org\/en\/innovations-in-pasture-management-research-and-international-perspectives\/\">s&rsquo;inscrire<\/a><\/p>\n\n\n\n<p class=\"wp-block-paragraph\">\ud83d\udcc5 8 septembre &#8211; Apprenticeship Program Host Farm Info Session avec <a href=\"https:\/\/youngagrarians.org\">Young Agrarians<\/a> &#8211; en ligne &#8211; <a href=\"https:\/\/youngagrarians.org\/events\/sept-8-2026-online-apprenticeship-program-host-farm-info-session\/\">s&rsquo;inscrire<\/a><\/p>\n\n\n\n<p class=\"wp-block-paragraph\">\ud83d\udcc5 9 septembre &#8211; Field Day with Urban Fresh Produce avec <a href=\"https:\/\/efao.ca\/\">EFAO<\/a> &#8211; Nepean, ON &#8211; <a href=\"https:\/\/efao.ca\/event\/urban-fresh-produce-2026\/\">s&rsquo;inscrire<\/a><\/p>\n\n\n\n<p class=\"wp-block-paragraph\">\ud83d\udcc5 9 septembre &#8211; Circular Economy: Turning Waste into Opportunity avec <a href=\"https:\/\/ontarioorganic.ca\">Ontario Organic<\/a> &#8211; en ligne &#8211; <a href=\"https:\/\/ontarioorganic.ca\/circular-economy-turning-waste-into-opportunity\/\">s&rsquo;inscrire<\/a><\/p>\n\n\n\n<p class=\"wp-block-paragraph\">\ud83d\udcc5 10 septembre &#8211; Grow Smart: Grants, Loans and Learning for Organic Farms and Businesses avec <a href=\"https:\/\/ontarioorganic.ca\">Ontario Organic<\/a> &#8211; en ligne &#8211; <a href=\"https:\/\/ontarioorganic.ca\/september-2026-grow-smart-grants-loans-and-learning-for-organic-farms-and-businesses\/\">s&rsquo;inscrire<\/a><\/p>\n\n\n\n<p class=\"wp-block-paragraph\">\ud83d\udcc5 12 septembre &#8211; \u00ab\u00a0Farming Culture\u00a0\u00bb at Sandown avec <a href=\"https:\/\/farmfolkcityfolk.ca\">FarmFolk CityFolk<\/a> &#8211; North Saanich, BC &#8211; <a href=\"https:\/\/www.iyecreative.com\/events\/%22farming-culture%22-community-gathering\">s&rsquo;inscrire<\/a><\/p>\n\n\n\n<p class=\"wp-block-paragraph\">\ud83d\udcc5 12 septembre &#8211; Rotational Grazing in Ottawa Valley with Dobson\u2019s Grassfed Beef and Opeongo Springs Homestead avec <a href=\"https:\/\/efao.ca\/\">EFAO<\/a> &#8211; Cobden, ON &#8211; <a href=\"https:\/\/efao.ca\/event\/rotational-grazing-ottawa-valley-2026\/\">s&rsquo;inscrire<\/a><\/p>\n\n\n\n<p class=\"wp-block-paragraph\">\ud83d\udcc5 13 &#8211; 19 septembre &#8211; Movie Screening: Evolution of Organic avec <a href=\"https:\/\/choosecanadaorganic.ca\/organic-month\/\">COTA<\/a> &#8211; en ligne &#8211; <a href=\"https:\/\/www.eventbrite.ca\/e\/movie-screening-evolution-of-organic-tickets-1990505618889?aff=oddtdtcreator\">s&rsquo;inscrire<\/a><\/p>\n\n\n\n<p class=\"wp-block-paragraph\">\ud83d\udcc5 13 septembre &#8211; Okanagan Feast of Fields avec <a href=\"https:\/\/farmfolkcityfolk.ca\">FarmFolk CityFolk<\/a> &#8211; Kelowna, BC &#8211; <a href=\"https:\/\/farmfolkcityfolk.ca\/event\/okanagan-feast-of-fields-2026\/\">s&rsquo;inscrire<\/a><\/p>\n\n\n\n<p class=\"wp-block-paragraph\">\ud83d\udcc5 14 septembre &#8211; Grain Farmers &amp; Friends: Final Harvests avec <a href=\"https:\/\/ontarioorganic.ca\">Ontario Organic<\/a> &#8211; en ligne &#8211; <a href=\"https:\/\/ontarioorganic.ca\/grain-farmers-friends-final-harvests\/\">s&rsquo;inscrire<\/a><\/p>\n\n\n\n<p class=\"wp-block-paragraph\">\ud83d\udcc5 15 septembre &#8211; Interior and Kootenay Seed Cleaning Tour avec <a href=\"https:\/\/farmfolkcityfolk.ca\">FarmFolk CityFolk<\/a> &#8211; <a href=\"https:\/\/farmfolkcityfolk.ca\/event\/interior-and-kootenay-seed-cleaning-tour\/\">s&rsquo;inscrire<\/a><\/p>\n\n\n\n<p class=\"wp-block-paragraph\">\ud83d\udcc5 15 septembre &#8211; Small Grains Celebration \u2013 East avec <a href=\"https:\/\/efao.ca\/\">EFAO<\/a> &#8211; Bath, ON &#8211; <a href=\"https:\/\/efao.ca\/event\/small-grains-celebration-east-2026\/\">s&rsquo;inscrire<\/a><\/p>\n\n\n\n<p class=\"wp-block-paragraph\">\ud83d\udcc5 16 septembre &#8211; Organic Myth Busters: From Farm to Brand avec <a href=\"https:\/\/choosecanadaorganic.ca\/organic-month\/\">COTA<\/a> &#8211; en ligne &#8211; <a href=\"https:\/\/www.eventbrite.ca\/e\/organic-myth-busters-from-farm-to-brand-tickets-1987001259255?aff=oddtdtcreator&amp;keep_tld=true\">s&rsquo;inscrire<\/a><\/p>\n\n\n\n<p class=\"wp-block-paragraph\">\ud83d\udcc5 17 septembre &#8211; Northern Seed Cleaning Tour avec <a href=\"https:\/\/farmfolkcityfolk.ca\">FarmFolk CityFolk<\/a> &#8211; <a href=\"https:\/\/farmfolkcityfolk.ca\/event\/northern-seed-cleaning-tour\/\">s&rsquo;inscrire<\/a><\/p>\n\n\n\n<p class=\"wp-block-paragraph\">\ud83d\udcc5 17 septembre &#8211; Holistic Farm Management avec <a href=\"https:\/\/ontarioorganic.ca\">Ontario Organic<\/a> &#8211; en ligne &#8211; <a href=\"https:\/\/ontarioorganic.ca\/holistic-farm-management\/\">s&rsquo;inscrire<\/a><\/p>\n\n\n\n<p class=\"wp-block-paragraph\">\ud83d\udcc5 17 septembre &#8211; A Flower-filled Field Day in Grey County avec <a href=\"https:\/\/efao.ca\/\">EFAO<\/a> &#8211; Markdale, ON &#8211; <a href=\"https:\/\/efao.ca\/event\/flower-filled-field-day-2026\/\">s&rsquo;inscrire<\/a><\/p>\n\n\n\n<p class=\"wp-block-paragraph\">\ud83d\udcc5 19 septembre &#8211; Farm Tour, Land Access Discussion, and Potluck at Patchwork Market &amp; Garden avec <a href=\"https:\/\/youngagrarians.org\/\">Young Agrarians<\/a> &#8211; Edmonton, AB &#8211; <a href=\"https:\/\/youngagrarians.org\/events\/sept-19-2026-edmonton-ab-farm-tour-land-access-workshop-and-potluck-at-patchwork-market-garden\/\">s&rsquo;inscrire<\/a><\/p>\n\n\n\n<p class=\"wp-block-paragraph\">\ud83d\udcc5 19 septembre &#8211; Afternoon Wagon Ride at Pfenning\u2019s Organic Farm avec <a href=\"https:\/\/ontarioorganic.ca\">Ontario Organic<\/a> &#8211; New Hamburg, ON &#8211; <a href=\"https:\/\/ontarioorganic.ca\/afternoon-wagon-ride-at-pfennings-organic-farm\/\">s&rsquo;inscrire<\/a><\/p>\n\n\n\n<p class=\"wp-block-paragraph\">\ud83d\udcc5 21 septembre &#8211; Organic Shelf Series: What Needs to Change (Policy, Systems, Support) avec <a href=\"https:\/\/ontarioorganic.ca\">Ontario Organic<\/a> &#8211; en ligne &#8211; <a href=\"https:\/\/ontarioorganic.ca\/organic-shelf-series-what-needs-to-change-policy-systems-support\/\">s&rsquo;inscrire<\/a><\/p>\n\n\n\n<p class=\"wp-block-paragraph\">\ud83d\udcc5 22 septembre &#8211; Small Grains Celebration \u2013 West avec <a href=\"https:\/\/efao.ca\/\">EFAO<\/a> &#8211; Blenheim, ON &#8211; <a href=\"https:\/\/efao.ca\/event\/small-grains-celebration-west-2026\/\">s&rsquo;inscrire<\/a><\/p>\n\n\n\n<p class=\"wp-block-paragraph\">\ud83d\udcc5 22 septembre &#8211; Veggie Talk at County Left Farm &amp; It\u2019s Giving Farm avec <a href=\"https:\/\/efao.ca\/\">EFAO<\/a> &#8211; Pickering, ON &#8211; <a href=\"https:\/\/efao.ca\/event\/veggie-talk-2026\/\">s&rsquo;inscrire<\/a><\/p>\n\n\n\n<p class=\"wp-block-paragraph\">\ud83d\udcc5 23 septembre &#8211; Voices from the Field: Celebrating Women Farmers in Canada avec <a href=\"https:\/\/choosecanadaorganic.ca\/organic-month\/\">COTA<\/a> &#8211; en ligne &#8211; <a href=\"https:\/\/www.eventbrite.ca\/e\/voices-from-the-field-celebrating-women-farmers-in-canada-tickets-1987000783833?aff=oddtdtcreator&amp;keep_tld=true#organizer-card\">s&rsquo;inscrire<\/a><\/p>\n\n\n\n<p class=\"wp-block-paragraph\">\ud83d\udcc5 23 septembre &#8211; Small Grains Celebration \u2013 Central avec <a href=\"https:\/\/efao.ca\/\">EFAO<\/a> &#8211; Alton, ON &#8211; <a href=\"https:\/\/efao.ca\/event\/small-grains-celebration-central-2026\/\">s&rsquo;inscrire<\/a><\/p>\n\n\n\n<p class=\"wp-block-paragraph\">\ud83d\udcc5 24 septembre &#8211; Organic Gala &amp; Leadership Awards avec <a href=\"https:\/\/choosecanadaorganic.ca\/organic-month\/\">COTA<\/a> &#8211; Toronto, ON &#8211; <a href=\"https:\/\/canada-organic.ca\/en\/who-we-are\/organic-leadership\">s&rsquo;inscrire<\/a><\/p>\n\n\n\n<p class=\"wp-block-paragraph\">\ud83d\udcc5 24 septembre &#8211; Regenerative Grazing at Timberline Farm avec <a href=\"https:\/\/efao.ca\/\">EFAO<\/a> &#8211; Harriston, ON &#8211; <a href=\"https:\/\/efao.ca\/event\/timberline-farm-2026\/\">s&rsquo;inscrire<\/a><\/p>\n\n\n\n<p class=\"wp-block-paragraph\">\ud83d\udcc5 26 septembre &#8211; Seed Farming &amp; Farmer-Led Research at Persephone Market Garden and Luna Mia Farm avec <a href=\"https:\/\/efao.ca\/\">EFAO<\/a> &#8211; Allenford, ON &#8211; <a href=\"https:\/\/efao.ca\/event\/persephone-luna-mia-2026\/\">s&rsquo;inscrire<\/a><\/p>\n\n\n\n<p class=\"wp-block-paragraph\">Nous esp\u00e9rons que vous vous amuserez lors d&rsquo;un \u00e9v\u00e9nement agricole en ligne ou pr\u00e8s de chez vous en septembre!<\/p>\n","protected":false},"excerpt":{"rendered":"<p>De nombreux \u00e9v\u00e9nements int\u00e9ressants consacr\u00e9s \u00e0 l&rsquo;agriculture biologique, r\u00e9g\u00e9n\u00e9rative et \u00e9cologique auront lieu en septembre, et nous sommes ravis de vous les pr\u00e9senter ici! <\/p>\n","protected":false},"author":3,"featured_media":12980,"comment_status":"closed","ping_status":"closed","sticky":false,"template":"","format":"standard","meta":{"inline_featured_image":false,"footnotes":""},"categories":[302,42],"tags":[],"class_list":["post-12978","post","type-post","status-publish","format-standard","has-post-thumbnail","hentry","category-blog-fr","category-news-fr"],"better_featured_image":{"id":12980,"alt_text":"","caption":"","description":"","media_type":"image","media_details":{"width":1080,"height":1350,"file":"2026\/08\/September.png","filesize":1801026,"sizes":{"medium":{"file":"September-240x300.png","width":240,"height":300,"mime-type":"image\/png","filesize":139721,"source_url":"https:\/\/cog.ca\/wp-content\/uploads\/2026\/08\/September-240x300.png"},"large":{"file":"September-819x1024.png","width":819,"height":1024,"mime-type":"image\/png","filesize":1219930,"source_url":"https:\/\/cog.ca\/wp-content\/uploads\/2026\/08\/September-819x1024.png"},"thumbnail":{"file":"September-150x150.png","width":150,"height":150,"mime-type":"image\/png","filesize":46872,"source_url":"https:\/\/cog.ca\/wp-content\/uploads\/2026\/08\/September-150x150.png"},"post-thumbnail":{"file":"September-150x150.png","width":150,"height":150,"mime-type":"image\/png","filesize":46872,"source_url":"https:\/\/cog.ca\/wp-content\/uploads\/2026\/08\/September-150x150.png"}},"image_meta":{"aperture":"0","credit":"","camera":"","caption":"","created_timestamp":"0","copyright":"","focal_length":"0","iso":"0","shutter_speed":"0","title":"","orientation":"0","keywords":[],"alt":""}},"post":12978,"source_url":"https:\/\/cog.ca\/wp-content\/uploads\/2026\/08\/September.png"},"acf":[],"yoast_head":"<!-- This site is optimized with the Yoast SEO plugin v21.2 - https:\/\/yoast.com\/wordpress\/plugins\/seo\/ -->\n<title>Liste des \u00e9v\u00e9nements de septembre 2026 - Cultivons Biologique Canada<\/title>\n<meta name=\"robots\" content=\"index, follow, max-snippet:-1, max-image-preview:large, max-video-preview:-1\" \/>\n<link rel=\"canonical\" href=\"https:\/\/cog.ca\/?p=12977\" \/>\n<meta property=\"og:locale\" content=\"fr_FR\" \/>\n<meta property=\"og:type\" content=\"article\" \/>\n<meta property=\"og:title\" content=\"Liste des \u00e9v\u00e9nements de septembre 2026 - Cultivons Biologique Canada\" \/>\n<meta property=\"og:description\" content=\"De nombreux \u00e9v\u00e9nements int\u00e9ressants consacr\u00e9s \u00e0 l&#039;agriculture biologique, r\u00e9g\u00e9n\u00e9rative et \u00e9cologique auront lieu en septembre, et nous sommes ravis de vous les pr\u00e9senter ici!\" \/>\n<meta property=\"og:url\" content=\"https:\/\/cog.ca\/?p=12977\" \/>\n<meta property=\"og:site_name\" content=\"Cultivons Biologique Canada\" \/>\n<meta property=\"article:published_time\" content=\"2026-08-31T15:00:00+00:00\" \/>\n<meta property=\"article:modified_time\" content=\"2026-08-24T18:48:53+00:00\" \/>\n<meta property=\"og:image\" content=\"https:\/\/cog.ca\/wp-content\/uploads\/2026\/08\/September.png\" \/>\n\t<meta property=\"og:image:width\" content=\"1080\" \/>\n\t<meta property=\"og:image:height\" content=\"1350\" \/>\n\t<meta property=\"og:image:type\" content=\"image\/png\" \/>\n<meta name=\"author\" content=\"laura.karahka@cog.ca\" \/>\n<meta name=\"twitter:card\" content=\"summary_large_image\" \/>\n<meta name=\"twitter:label1\" content=\"\u00c9crit par\" \/>\n\t<meta name=\"twitter:data1\" content=\"laura.karahka@cog.ca\" \/>\n\t<meta name=\"twitter:label2\" content=\"Dur\u00e9e de lecture estim\u00e9e\" \/>\n\t<meta name=\"twitter:data2\" content=\"3 minutes\" \/>\n<script type=\"application\/ld+json\" class=\"yoast-schema-graph\">{\"@context\":\"https:\/\/schema.org\",\"@graph\":[{\"@type\":\"Article\",\"@id\":\"https:\/\/cog.ca\/?p=12977#article\",\"isPartOf\":{\"@id\":\"https:\/\/cog.ca\/?p=12977\"},\"author\":{\"name\":\"laura.karahka@cog.ca\",\"@id\":\"https:\/\/cog.ca\/#\/schema\/person\/acc1bdd792610259ad3d1153a9be1732\"},\"headline\":\"Liste des \u00e9v\u00e9nements de septembre 2026\",\"datePublished\":\"2026-08-31T15:00:00+00:00\",\"dateModified\":\"2026-08-24T18:48:53+00:00\",\"mainEntityOfPage\":{\"@id\":\"https:\/\/cog.ca\/?p=12977\"},\"wordCount\":585,\"publisher\":{\"@id\":\"https:\/\/cog.ca\/#organization\"},\"articleSection\":[\"Blog\",\"Nouvelles\"],\"inLanguage\":\"fr-FR\"},{\"@type\":\"WebPage\",\"@id\":\"https:\/\/cog.ca\/?p=12977\",\"url\":\"https:\/\/cog.ca\/?p=12977\",\"name\":\"Liste des \u00e9v\u00e9nements de septembre 2026 - Cultivons Biologique Canada\",\"isPartOf\":{\"@id\":\"https:\/\/cog.ca\/#website\"},\"datePublished\":\"2026-08-31T15:00:00+00:00\",\"dateModified\":\"2026-08-24T18:48:53+00:00\",\"breadcrumb\":{\"@id\":\"https:\/\/cog.ca\/?p=12977#breadcrumb\"},\"inLanguage\":\"fr-FR\",\"potentialAction\":[{\"@type\":\"ReadAction\",\"target\":[\"https:\/\/cog.ca\/?p=12977\"]}]},{\"@type\":\"BreadcrumbList\",\"@id\":\"https:\/\/cog.ca\/?p=12977#breadcrumb\",\"itemListElement\":[{\"@type\":\"ListItem\",\"position\":1,\"name\":\"Home\",\"item\":\"https:\/\/cog.ca\/fr\/\"},{\"@type\":\"ListItem\",\"position\":2,\"name\":\"Liste des \u00e9v\u00e9nements de septembre 2026\"}]},{\"@type\":\"WebSite\",\"@id\":\"https:\/\/cog.ca\/#website\",\"url\":\"https:\/\/cog.ca\/\",\"name\":\"Cultivons Biologique Canada\",\"description\":\"\",\"publisher\":{\"@id\":\"https:\/\/cog.ca\/#organization\"},\"potentialAction\":[{\"@type\":\"SearchAction\",\"target\":{\"@type\":\"EntryPoint\",\"urlTemplate\":\"https:\/\/cog.ca\/?s={search_term_string}\"},\"query-input\":\"required name=search_term_string\"}],\"inLanguage\":\"fr-FR\"},{\"@type\":\"Organization\",\"@id\":\"https:\/\/cog.ca\/#organization\",\"name\":\"Canadian Organic Growers\",\"url\":\"https:\/\/cog.ca\/\",\"logo\":{\"@type\":\"ImageObject\",\"inLanguage\":\"fr-FR\",\"@id\":\"https:\/\/cog.ca\/#\/schema\/logo\/image\/\",\"url\":\"https:\/\/cog.ca\/wp-content\/uploads\/2023\/07\/COG_WhiteLogo_Transparent-1.png\",\"contentUrl\":\"https:\/\/cog.ca\/wp-content\/uploads\/2023\/07\/COG_WhiteLogo_Transparent-1.png\",\"width\":208,\"height\":110,\"caption\":\"Canadian Organic Growers\"},\"image\":{\"@id\":\"https:\/\/cog.ca\/#\/schema\/logo\/image\/\"}},{\"@type\":\"Person\",\"@id\":\"https:\/\/cog.ca\/#\/schema\/person\/acc1bdd792610259ad3d1153a9be1732\",\"name\":\"laura.karahka@cog.ca\",\"image\":{\"@type\":\"ImageObject\",\"inLanguage\":\"fr-FR\",\"@id\":\"https:\/\/cog.ca\/#\/schema\/person\/image\/\",\"url\":\"https:\/\/secure.gravatar.com\/avatar\/06e06f27914f6d5a1d57b809223d687f6a6f5d86044aa52d346272c94df7697e?s=96&d=mm&r=g\",\"contentUrl\":\"https:\/\/secure.gravatar.com\/avatar\/06e06f27914f6d5a1d57b809223d687f6a6f5d86044aa52d346272c94df7697e?s=96&d=mm&r=g\",\"caption\":\"laura.karahka@cog.ca\"},\"url\":\"https:\/\/cog.ca\/fr\/blog\/author\/laura-karahkacog-ca\/\"}]}<\/script>\n<!-- \/ Yoast SEO plugin. -->","yoast_head_json":{"title":"Liste des \u00e9v\u00e9nements de septembre 2026 - Cultivons Biologique Canada","robots":{"index":"index","follow":"follow","max-snippet":"max-snippet:-1","max-image-preview":"max-image-preview:large","max-video-preview":"max-video-preview:-1"},"canonical":"https:\/\/cog.ca\/?p=12977","og_locale":"fr_FR","og_type":"article","og_title":"Liste des \u00e9v\u00e9nements de septembre 2026 - Cultivons Biologique Canada","og_description":"De nombreux \u00e9v\u00e9nements int\u00e9ressants consacr\u00e9s \u00e0 l'agriculture biologique, r\u00e9g\u00e9n\u00e9rative et \u00e9cologique auront lieu en septembre, et nous sommes ravis de vous les pr\u00e9senter ici!","og_url":"https:\/\/cog.ca\/?p=12977","og_site_name":"Cultivons Biologique Canada","article_published_time":"2026-08-31T15:00:00+00:00","article_modified_time":"2026-08-24T18:48:53+00:00","og_image":[{"width":1080,"height":1350,"url":"https:\/\/cog.ca\/wp-content\/uploads\/2026\/08\/September.png","type":"image\/png"}],"author":"laura.karahka@cog.ca","twitter_card":"summary_large_image","twitter_misc":{"\u00c9crit par":"laura.karahka@cog.ca","Dur\u00e9e de lecture estim\u00e9e":"3 minutes"},"schema":{"@context":"https:\/\/schema.org","@graph":[{"@type":"Article","@id":"https:\/\/cog.ca\/?p=12977#article","isPartOf":{"@id":"https:\/\/cog.ca\/?p=12977"},"author":{"name":"laura.karahka@cog.ca","@id":"https:\/\/cog.ca\/#\/schema\/person\/acc1bdd792610259ad3d1153a9be1732"},"headline":"Liste des \u00e9v\u00e9nements de septembre 2026","datePublished":"2026-08-31T15:00:00+00:00","dateModified":"2026-08-24T18:48:53+00:00","mainEntityOfPage":{"@id":"https:\/\/cog.ca\/?p=12977"},"wordCount":585,"publisher":{"@id":"https:\/\/cog.ca\/#organization"},"articleSection":["Blog","Nouvelles"],"inLanguage":"fr-FR"},{"@type":"WebPage","@id":"https:\/\/cog.ca\/?p=12977","url":"https:\/\/cog.ca\/?p=12977","name":"Liste des \u00e9v\u00e9nements de septembre 2026 - Cultivons Biologique Canada","isPartOf":{"@id":"https:\/\/cog.ca\/#website"},"datePublished":"2026-08-31T15:00:00+00:00","dateModified":"2026-08-24T18:48:53+00:00","breadcrumb":{"@id":"https:\/\/cog.ca\/?p=12977#breadcrumb"},"inLanguage":"fr-FR","potentialAction":[{"@type":"ReadAction","target":["https:\/\/cog.ca\/?p=12977"]}]},{"@type":"BreadcrumbList","@id":"https:\/\/cog.ca\/?p=12977#breadcrumb","itemListElement":[{"@type":"ListItem","position":1,"name":"Home","item":"https:\/\/cog.ca\/fr\/"},{"@type":"ListItem","position":2,"name":"Liste des \u00e9v\u00e9nements de septembre 2026"}]},{"@type":"WebSite","@id":"https:\/\/cog.ca\/#website","url":"https:\/\/cog.ca\/","name":"Cultivons Biologique Canada","description":"","publisher":{"@id":"https:\/\/cog.ca\/#organization"},"potentialAction":[{"@type":"SearchAction","target":{"@type":"EntryPoint","urlTemplate":"https:\/\/cog.ca\/?s={search_term_string}"},"query-input":"required name=search_term_string"}],"inLanguage":"fr-FR"},{"@type":"Organization","@id":"https:\/\/cog.ca\/#organization","name":"Canadian Organic Growers","url":"https:\/\/cog.ca\/","logo":{"@type":"ImageObject","inLanguage":"fr-FR","@id":"https:\/\/cog.ca\/#\/schema\/logo\/image\/","url":"https:\/\/cog.ca\/wp-content\/uploads\/2023\/07\/COG_WhiteLogo_Transparent-1.png","contentUrl":"https:\/\/cog.ca\/wp-content\/uploads\/2023\/07\/COG_WhiteLogo_Transparent-1.png","width":208,"height":110,"caption":"Canadian Organic Growers"},"image":{"@id":"https:\/\/cog.ca\/#\/schema\/logo\/image\/"}},{"@type":"Person","@id":"https:\/\/cog.ca\/#\/schema\/person\/acc1bdd792610259ad3d1153a9be1732","name":"laura.karahka@cog.ca","image":{"@type":"ImageObject","inLanguage":"fr-FR","@id":"https:\/\/cog.ca\/#\/schema\/person\/image\/","url":"https:\/\/secure.gravatar.com\/avatar\/06e06f27914f6d5a1d57b809223d687f6a6f5d86044aa52d346272c94df7697e?s=96&d=mm&r=g","contentUrl":"https:\/\/secure.gravatar.com\/avatar\/06e06f27914f6d5a1d57b809223d687f6a6f5d86044aa52d346272c94df7697e?s=96&d=mm&r=g","caption":"laura.karahka@cog.ca"},"url":"https:\/\/cog.ca\/fr\/blog\/author\/laura-karahkacog-ca\/"}]}},"_links":{"self":[{"href":"https:\/\/cog.ca\/fr\/wp-json\/wp\/v2\/posts\/12978","targetHints":{"allow":["GET"]}}],"collection":[{"href":"https:\/\/cog.ca\/fr\/wp-json\/wp\/v2\/posts"}],"about":[{"href":"https:\/\/cog.ca\/fr\/wp-json\/wp\/v2\/types\/post"}],"author":[{"embeddable":true,"href":"https:\/\/cog.ca\/fr\/wp-json\/wp\/v2\/users\/3"}],"replies":[{"embeddable":true,"href":"https:\/\/cog.ca\/fr\/wp-json\/wp\/v2\/comments?post=12978"}],"version-history":[{"count":2,"href":"https:\/\/cog.ca\/fr\/wp-json\/wp\/v2\/posts\/12978\/revisions"}],"predecessor-version":[{"id":12984,"href":"https:\/\/cog.ca\/fr\/wp-json\/wp\/v2\/posts\/12978\/revisions\/12984"}],"wp:featuredmedia":[{"embeddable":true,"href":"https:\/\/cog.ca\/fr\/wp-json\/wp\/v2\/media\/12980"}],"wp:attachment":[{"href":"https:\/\/cog.ca\/fr\/wp-json\/wp\/v2\/media?parent=12978"}],"wp:term":[{"taxonomy":"category","embeddable":true,"href":"https:\/\/cog.ca\/fr\/wp-json\/wp\/v2\/categories?post=12978"},{"taxonomy":"post_tag","embeddable":true,"href":"https:\/\/cog.ca\/fr\/wp-json\/wp\/v2\/tags?post=12978"}],"curies":[{"name":"wp","href":"https:\/\/api.w.org\/{rel}","templated":true}]}}